{"id":54618,"date":"2026-09-03T08:06:37","date_gmt":"2026-09-03T08:06:37","guid":{"rendered":"https:\/\/zucami.com\/?p=54618"},"modified":"2026-09-03T08:06:37","modified_gmt":"2026-09-03T08:06:37","slug":"zucami-participa-en-fenavi-2026-el-gran-encuentro-de-la-avicultura-latinoamericana","status":"publish","type":"post","link":"https:\/\/zucami.com\/es\/zucami-participa-en-fenavi-2026-el-gran-encuentro-de-la-avicultura-latinoamericana\/","title":{"rendered":"ZUCAMI participa en FENAVI 2026, el gran encuentro de la avicultura latinoamericana"},"content":{"rendered":"<p><strong>La compa\u00f1\u00eda espa\u00f1ola particip\u00f3 del 1 al 3 de septiembre en Cali, Colombia, en <\/strong><strong>el XXII Congreso FENAVI, el mayor evento av\u00edcola de habla hispana, que <\/strong><strong>reuni\u00f3 a profesionales, productores y empresas de toda la cadena av\u00edcola en <\/strong><strong>torno a la innovaci\u00f3n, la sostenibilidad y el desarrollo del sector.<\/strong><\/p>\n<p style=\"padding-left: 40px; text-align: left;\">Colombia, un mercado av\u00edcola estrat\u00e9gico<br \/>\nLa presencia de <strong>ZUCAMI en FENAVI<\/strong> responde a la importancia estrat\u00e9gica de Colombia dentro del mercado av\u00edcola latinoamericano. El pa\u00eds atraviesa una etapa de crecimiento y modernizaci\u00f3n de su producci\u00f3n, impulsada por una elevada demanda interna de prote\u00edna av\u00edcola y por la necesidad de mejorar progresivamente la eficiencia de las explotaciones. En <strong>2025<\/strong>, Colombia alcanz\u00f3 una producci\u00f3n r\u00e9cord de <strong>3,17 millones de toneladas <\/strong>de prote\u00edna av\u00edcola, con <strong>2 millones de toneladas de carne de pollo y una<\/strong><br \/>\n<strong>producci\u00f3n de 19.402 millones de huevos<\/strong>. El consumo tambi\u00e9n refleja el peso de la avicultura en el pa\u00eds, con una media anual de 37,8 kg de pollo y 366 huevos por habitante.<br \/>\nEste crecimiento se enmarca, adem\u00e1s, en la <strong>relevancia que ha adquirido <\/strong><strong>Latinoam\u00e9rica dentro de la producci\u00f3n mundial de prote\u00edna av\u00edcola<\/strong>. La regi\u00f3n concentra una parte significativa de la producci\u00f3n y las exportaciones globales de carne de pollo, convirti\u00e9ndose en un mercado prioritario para la incorporaci\u00f3n de nuevas tecnolog\u00edas y sistemas de automatizaci\u00f3n.<\/p>\n<p style=\"padding-left: 40px; text-align: left;\">Tecnolog\u00eda para una avicultura m\u00e1s eficiente<br \/>\nEn este contexto, <strong>ZUCAMI aporta su experiencia en el dise\u00f1o y fabricaci\u00f3n de <\/strong><strong>equipamiento<\/strong> para ponedoras y recr\u00eda, con soluciones orientadas a <strong>optimizar <\/strong><strong>aspectos clave de la producci\u00f3n<\/strong>, como el alojamiento, la ventilaci\u00f3n, la climatizaci\u00f3n, la automatizaci\u00f3n y la gesti\u00f3n de la gallinaza. Para la compa\u00f1\u00eda, FENAVI represent\u00f3 una oportunidad para reforzar su relaci\u00f3n con productores, t\u00e9cnicos e integradores de Colombia y otros mercados latinoamericanos, as\u00ed como para conocer de primera mano sus necesidades. Una presencia que consolida la apuesta internacional de ZUCAMI por una avicultura m\u00e1s eficiente, tecnificada y sostenible<\/p>\n","protected":false},"excerpt":{"rendered":"<p>La compa\u00f1\u00eda espa\u00f1ola particip\u00f3 del 1 al 3 de septiembre en Cali, Colombia, en el XXII Congreso FENAVI, el mayor evento av\u00edcola de habla hispana, que reuni\u00f3 a profesionales, productores y empresas de toda la cadena av\u00edcola en torno a la innovaci\u00f3n, la sostenibilidad y el desarrollo del sector. Colombia, un mercado av\u00edcola estrat\u00e9gico La&#8230;<\/p>\n","protected":false},"author":13,"featured_media":54619,"comment_status":"closed","ping_status":"closed","sticky":false,"template":"","format":"standard","meta":{"_acf_changed":false,"footnotes":""},"categories":[35,196],"tags":[],"class_list":["post-54618","post","type-post","status-publish","format-standard","has-post-thumbnail","hentry","category-ferias","category-zucami-es","region-latam-es"],"acf":[],"yoast_head":"<!-- This site is optimized with the Yoast SEO plugin v27.9 - https:\/\/yoast.com\/product\/yoast-seo-wordpress\/ -->\n<title>ZUCAMI participa en FENAVI 2026, el gran encuentro de la avicultura latinoamericana - Zucami ZUCAMI participa en FENAVI 2026<\/title>\n<meta name=\"description\" content=\"ZUCAMI participa en FENAVI 2026, el gran encuentro de la avicultura latinoamericana\" \/>\n<meta name=\"robots\" content=\"index, follow, max-snippet:-1, max-image-preview:large, max-video-preview:-1\" \/>\n<link rel=\"canonical\" href=\"https:\/\/zucami.com\/es\/zucami-participa-en-fenavi-2026-el-gran-encuentro-de-la-avicultura-latinoamericana\/\" \/>\n<meta property=\"og:locale\" content=\"es_ES\" \/>\n<meta property=\"og:type\" content=\"article\" \/>\n<meta property=\"og:title\" content=\"ZUCAMI participa en FENAVI 2026, el gran encuentro de la avicultura latinoamericana - Zucami ZUCAMI participa en FENAVI 2026\" \/>\n<meta property=\"og:description\" content=\"ZUCAMI participa en FENAVI 2026, el gran encuentro de la avicultura latinoamericana\" \/>\n<meta property=\"og:url\" content=\"https:\/\/zucami.com\/es\/zucami-participa-en-fenavi-2026-el-gran-encuentro-de-la-avicultura-latinoamericana\/\" \/>\n<meta property=\"og:site_name\" content=\"Zucami\" \/>\n<meta property=\"article:published_time\" content=\"2026-09-03T08:06:37+00:00\" \/>\n<meta property=\"og:image\" content=\"https:\/\/zucami.com\/wp-content\/uploads\/2026\/09\/Image-scaled.jpg\" \/>\n\t<meta property=\"og:image:width\" content=\"2560\" \/>\n\t<meta property=\"og:image:height\" content=\"1920\" \/>\n\t<meta property=\"og:image:type\" content=\"image\/jpeg\" \/>\n<meta name=\"author\" content=\"gracia\" \/>\n<meta name=\"twitter:card\" content=\"summary_large_image\" \/>\n<meta name=\"twitter:label1\" content=\"Escrito por\" \/>\n\t<meta name=\"twitter:data1\" content=\"gracia\" \/>\n\t<meta name=\"twitter:label2\" content=\"Tiempo de lectura\" \/>\n\t<meta name=\"twitter:data2\" content=\"2 minutos\" \/>\n<script type=\"application\/ld+json\" class=\"yoast-schema-graph\">{\"@context\":\"https:\\\/\\\/schema.org\",\"@graph\":[{\"@type\":\"Article\",\"@id\":\"https:\\\/\\\/zucami.com\\\/es\\\/zucami-participa-en-fenavi-2026-el-gran-encuentro-de-la-avicultura-latinoamericana\\\/#article\",\"isPartOf\":{\"@id\":\"https:\\\/\\\/zucami.com\\\/es\\\/zucami-participa-en-fenavi-2026-el-gran-encuentro-de-la-avicultura-latinoamericana\\\/\"},\"author\":{\"name\":\"gracia\",\"@id\":\"https:\\\/\\\/zucami.com\\\/es\\\/#\\\/schema\\\/person\\\/fb370579664c76514bf74a469207ba54\"},\"headline\":\"ZUCAMI participa en FENAVI 2026, el gran encuentro de la avicultura latinoamericana\",\"datePublished\":\"2026-09-03T08:06:37+00:00\",\"mainEntityOfPage\":{\"@id\":\"https:\\\/\\\/zucami.com\\\/es\\\/zucami-participa-en-fenavi-2026-el-gran-encuentro-de-la-avicultura-latinoamericana\\\/\"},\"wordCount\":361,\"image\":{\"@id\":\"https:\\\/\\\/zucami.com\\\/es\\\/zucami-participa-en-fenavi-2026-el-gran-encuentro-de-la-avicultura-latinoamericana\\\/#primaryimage\"},\"thumbnailUrl\":\"https:\\\/\\\/zucami.com\\\/wp-content\\\/uploads\\\/2026\\\/09\\\/Image-scaled.jpg\",\"articleSection\":[\"Ferias\",\"Zucami\"],\"inLanguage\":\"es\"},{\"@type\":\"WebPage\",\"@id\":\"https:\\\/\\\/zucami.com\\\/es\\\/zucami-participa-en-fenavi-2026-el-gran-encuentro-de-la-avicultura-latinoamericana\\\/\",\"url\":\"https:\\\/\\\/zucami.com\\\/es\\\/zucami-participa-en-fenavi-2026-el-gran-encuentro-de-la-avicultura-latinoamericana\\\/\",\"name\":\"ZUCAMI participa en FENAVI 2026, el gran encuentro de la avicultura latinoamericana - Zucami ZUCAMI participa en FENAVI 2026\",\"isPartOf\":{\"@id\":\"https:\\\/\\\/zucami.com\\\/es\\\/#website\"},\"primaryImageOfPage\":{\"@id\":\"https:\\\/\\\/zucami.com\\\/es\\\/zucami-participa-en-fenavi-2026-el-gran-encuentro-de-la-avicultura-latinoamericana\\\/#primaryimage\"},\"image\":{\"@id\":\"https:\\\/\\\/zucami.com\\\/es\\\/zucami-participa-en-fenavi-2026-el-gran-encuentro-de-la-avicultura-latinoamericana\\\/#primaryimage\"},\"thumbnailUrl\":\"https:\\\/\\\/zucami.com\\\/wp-content\\\/uploads\\\/2026\\\/09\\\/Image-scaled.jpg\",\"datePublished\":\"2026-09-03T08:06:37+00:00\",\"author\":{\"@id\":\"https:\\\/\\\/zucami.com\\\/es\\\/#\\\/schema\\\/person\\\/fb370579664c76514bf74a469207ba54\"},\"description\":\"ZUCAMI participa en FENAVI 2026, el gran encuentro de la avicultura latinoamericana\",\"breadcrumb\":{\"@id\":\"https:\\\/\\\/zucami.com\\\/es\\\/zucami-participa-en-fenavi-2026-el-gran-encuentro-de-la-avicultura-latinoamericana\\\/#breadcrumb\"},\"inLanguage\":\"es\",\"potentialAction\":[{\"@type\":\"ReadAction\",\"target\":[\"https:\\\/\\\/zucami.com\\\/es\\\/zucami-participa-en-fenavi-2026-el-gran-encuentro-de-la-avicultura-latinoamericana\\\/\"]}]},{\"@type\":\"ImageObject\",\"inLanguage\":\"es\",\"@id\":\"https:\\\/\\\/zucami.com\\\/es\\\/zucami-participa-en-fenavi-2026-el-gran-encuentro-de-la-avicultura-latinoamericana\\\/#primaryimage\",\"url\":\"https:\\\/\\\/zucami.com\\\/wp-content\\\/uploads\\\/2026\\\/09\\\/Image-scaled.jpg\",\"contentUrl\":\"https:\\\/\\\/zucami.com\\\/wp-content\\\/uploads\\\/2026\\\/09\\\/Image-scaled.jpg\",\"width\":2560,\"height\":1920},{\"@type\":\"BreadcrumbList\",\"@id\":\"https:\\\/\\\/zucami.com\\\/es\\\/zucami-participa-en-fenavi-2026-el-gran-encuentro-de-la-avicultura-latinoamericana\\\/#breadcrumb\",\"itemListElement\":[{\"@type\":\"ListItem\",\"position\":1,\"name\":\"Home\",\"item\":\"https:\\\/\\\/zucami.com\\\/es\\\/\"},{\"@type\":\"ListItem\",\"position\":2,\"name\":\"ZUCAMI participa en FENAVI 2026, el gran encuentro de la avicultura latinoamericana\"}]},{\"@type\":\"WebSite\",\"@id\":\"https:\\\/\\\/zucami.com\\\/es\\\/#website\",\"url\":\"https:\\\/\\\/zucami.com\\\/es\\\/\",\"name\":\"Zucami\",\"description\":\"ZUCAMI bater\u00edas confortables para las aves\",\"potentialAction\":[{\"@type\":\"SearchAction\",\"target\":{\"@type\":\"EntryPoint\",\"urlTemplate\":\"https:\\\/\\\/zucami.com\\\/es\\\/?s={search_term_string}\"},\"query-input\":{\"@type\":\"PropertyValueSpecification\",\"valueRequired\":true,\"valueName\":\"search_term_string\"}}],\"inLanguage\":\"es\"},{\"@type\":\"Person\",\"@id\":\"https:\\\/\\\/zucami.com\\\/es\\\/#\\\/schema\\\/person\\\/fb370579664c76514bf74a469207ba54\",\"name\":\"gracia\",\"url\":\"https:\\\/\\\/zucami.com\\\/es\\\/author\\\/gracia\\\/\"}]}<\/script>\n<!-- \/ Yoast SEO plugin. -->","yoast_head_json":{"title":"ZUCAMI participa en FENAVI 2026, el gran encuentro de la avicultura latinoamericana - Zucami ZUCAMI participa en FENAVI 2026","description":"ZUCAMI participa en FENAVI 2026, el gran encuentro de la avicultura latinoamericana","robots":{"index":"index","follow":"follow","max-snippet":"max-snippet:-1","max-image-preview":"max-image-preview:large","max-video-preview":"max-video-preview:-1"},"canonical":"https:\/\/zucami.com\/es\/zucami-participa-en-fenavi-2026-el-gran-encuentro-de-la-avicultura-latinoamericana\/","og_locale":"es_ES","og_type":"article","og_title":"ZUCAMI participa en FENAVI 2026, el gran encuentro de la avicultura latinoamericana - Zucami ZUCAMI participa en FENAVI 2026","og_description":"ZUCAMI participa en FENAVI 2026, el gran encuentro de la avicultura latinoamericana","og_url":"https:\/\/zucami.com\/es\/zucami-participa-en-fenavi-2026-el-gran-encuentro-de-la-avicultura-latinoamericana\/","og_site_name":"Zucami","article_published_time":"2026-09-03T08:06:37+00:00","og_image":[{"width":2560,"height":1920,"url":"https:\/\/zucami.com\/wp-content\/uploads\/2026\/09\/Image-scaled.jpg","type":"image\/jpeg"}],"author":"gracia","twitter_card":"summary_large_image","twitter_misc":{"Escrito por":"gracia","Tiempo de lectura":"2 minutos"},"schema":{"@context":"https:\/\/schema.org","@graph":[{"@type":"Article","@id":"https:\/\/zucami.com\/es\/zucami-participa-en-fenavi-2026-el-gran-encuentro-de-la-avicultura-latinoamericana\/#article","isPartOf":{"@id":"https:\/\/zucami.com\/es\/zucami-participa-en-fenavi-2026-el-gran-encuentro-de-la-avicultura-latinoamericana\/"},"author":{"name":"gracia","@id":"https:\/\/zucami.com\/es\/#\/schema\/person\/fb370579664c76514bf74a469207ba54"},"headline":"ZUCAMI participa en FENAVI 2026, el gran encuentro de la avicultura latinoamericana","datePublished":"2026-09-03T08:06:37+00:00","mainEntityOfPage":{"@id":"https:\/\/zucami.com\/es\/zucami-participa-en-fenavi-2026-el-gran-encuentro-de-la-avicultura-latinoamericana\/"},"wordCount":361,"image":{"@id":"https:\/\/zucami.com\/es\/zucami-participa-en-fenavi-2026-el-gran-encuentro-de-la-avicultura-latinoamericana\/#primaryimage"},"thumbnailUrl":"https:\/\/zucami.com\/wp-content\/uploads\/2026\/09\/Image-scaled.jpg","articleSection":["Ferias","Zucami"],"inLanguage":"es"},{"@type":"WebPage","@id":"https:\/\/zucami.com\/es\/zucami-participa-en-fenavi-2026-el-gran-encuentro-de-la-avicultura-latinoamericana\/","url":"https:\/\/zucami.com\/es\/zucami-participa-en-fenavi-2026-el-gran-encuentro-de-la-avicultura-latinoamericana\/","name":"ZUCAMI participa en FENAVI 2026, el gran encuentro de la avicultura latinoamericana - Zucami ZUCAMI participa en FENAVI 2026","isPartOf":{"@id":"https:\/\/zucami.com\/es\/#website"},"primaryImageOfPage":{"@id":"https:\/\/zucami.com\/es\/zucami-participa-en-fenavi-2026-el-gran-encuentro-de-la-avicultura-latinoamericana\/#primaryimage"},"image":{"@id":"https:\/\/zucami.com\/es\/zucami-participa-en-fenavi-2026-el-gran-encuentro-de-la-avicultura-latinoamericana\/#primaryimage"},"thumbnailUrl":"https:\/\/zucami.com\/wp-content\/uploads\/2026\/09\/Image-scaled.jpg","datePublished":"2026-09-03T08:06:37+00:00","author":{"@id":"https:\/\/zucami.com\/es\/#\/schema\/person\/fb370579664c76514bf74a469207ba54"},"description":"ZUCAMI participa en FENAVI 2026, el gran encuentro de la avicultura latinoamericana","breadcrumb":{"@id":"https:\/\/zucami.com\/es\/zucami-participa-en-fenavi-2026-el-gran-encuentro-de-la-avicultura-latinoamericana\/#breadcrumb"},"inLanguage":"es","potentialAction":[{"@type":"ReadAction","target":["https:\/\/zucami.com\/es\/zucami-participa-en-fenavi-2026-el-gran-encuentro-de-la-avicultura-latinoamericana\/"]}]},{"@type":"ImageObject","inLanguage":"es","@id":"https:\/\/zucami.com\/es\/zucami-participa-en-fenavi-2026-el-gran-encuentro-de-la-avicultura-latinoamericana\/#primaryimage","url":"https:\/\/zucami.com\/wp-content\/uploads\/2026\/09\/Image-scaled.jpg","contentUrl":"https:\/\/zucami.com\/wp-content\/uploads\/2026\/09\/Image-scaled.jpg","width":2560,"height":1920},{"@type":"BreadcrumbList","@id":"https:\/\/zucami.com\/es\/zucami-participa-en-fenavi-2026-el-gran-encuentro-de-la-avicultura-latinoamericana\/#breadcrumb","itemListElement":[{"@type":"ListItem","position":1,"name":"Home","item":"https:\/\/zucami.com\/es\/"},{"@type":"ListItem","position":2,"name":"ZUCAMI participa en FENAVI 2026, el gran encuentro de la avicultura latinoamericana"}]},{"@type":"WebSite","@id":"https:\/\/zucami.com\/es\/#website","url":"https:\/\/zucami.com\/es\/","name":"Zucami","description":"ZUCAMI bater\u00edas confortables para las aves","potentialAction":[{"@type":"SearchAction","target":{"@type":"EntryPoint","urlTemplate":"https:\/\/zucami.com\/es\/?s={search_term_string}"},"query-input":{"@type":"PropertyValueSpecification","valueRequired":true,"valueName":"search_term_string"}}],"inLanguage":"es"},{"@type":"Person","@id":"https:\/\/zucami.com\/es\/#\/schema\/person\/fb370579664c76514bf74a469207ba54","name":"gracia","url":"https:\/\/zucami.com\/es\/author\/gracia\/"}]}},"_links":{"self":[{"href":"https:\/\/zucami.com\/es\/wp-json\/wp\/v2\/posts\/54618","targetHints":{"allow":["GET"]}}],"collection":[{"href":"https:\/\/zucami.com\/es\/wp-json\/wp\/v2\/posts"}],"about":[{"href":"https:\/\/zucami.com\/es\/wp-json\/wp\/v2\/types\/post"}],"author":[{"embeddable":true,"href":"https:\/\/zucami.com\/es\/wp-json\/wp\/v2\/users\/13"}],"replies":[{"embeddable":true,"href":"https:\/\/zucami.com\/es\/wp-json\/wp\/v2\/comments?post=54618"}],"version-history":[{"count":4,"href":"https:\/\/zucami.com\/es\/wp-json\/wp\/v2\/posts\/54618\/revisions"}],"predecessor-version":[{"id":54640,"href":"https:\/\/zucami.com\/es\/wp-json\/wp\/v2\/posts\/54618\/revisions\/54640"}],"wp:featuredmedia":[{"embeddable":true,"href":"https:\/\/zucami.com\/es\/wp-json\/wp\/v2\/media\/54619"}],"wp:attachment":[{"href":"https:\/\/zucami.com\/es\/wp-json\/wp\/v2\/media?parent=54618"}],"wp:term":[{"taxonomy":"category","embeddable":true,"href":"https:\/\/zucami.com\/es\/wp-json\/wp\/v2\/categories?post=54618"},{"taxonomy":"post_tag","embeddable":true,"href":"https:\/\/zucami.com\/es\/wp-json\/wp\/v2\/tags?post=54618"}],"curies":[{"name":"wp","href":"https:\/\/api.w.org\/{rel}","templated":true}]}}